{"id":4449,"date":"2020-04-03T16:53:44","date_gmt":"2020-04-03T14:53:44","guid":{"rendered":"https:\/\/www.guidedflorencetours.com\/?p=4449"},"modified":"2024-12-17T21:30:23","modified_gmt":"2024-12-17T20:30:23","slug":"il-look-ai-tempi-dell-epidemia","status":"publish","type":"post","link":"https:\/\/www.guidedflorencetours.com\/it\/il-look-ai-tempi-dell-epidemia\/","title":{"rendered":"Epidemia: il look ai tempi della peste nera"},"content":{"rendered":"<p align=\"JUSTIFY\">Epidemia o meglio pandemia sono parole che ora ci sono molto familiari. Torniamo indietro nel tempo e vediamo come il problema \u00e8 stato affrontato in passato e vediamo\u00a0 quale era il miglior look ai tempi della epidemia.<\/p>\n<p align=\"JUSTIFY\"><span style=\"color: #000000;\"><span style=\"font-family: Times New Roman, serif;\"><span style=\"font-size: medium;\">La peste nera del <strong>1347-53<\/strong> fu probabilmente la prima grande epidemia del mondo.<\/span><\/span><\/span><\/p>\n<p align=\"JUSTIFY\"><span style=\"color: #000000;\"><span style=\"font-family: Times New Roman, serif;\"><span style=\"font-size: medium;\">La peste arriv\u00f2 dall&#8217;Asia (probabilmente il paziente ZERO era della Mongolia) sulle vie carovaniere giungendo a Caffa sul Mar Nero. Da l\u00ec una una nave genovese carica di grano la port\u00f2 insieme al grano da noi. Arriv\u00f2 cos\u00ec a Messina per poi risalire la penisola. Nel 1348 invase tutta Europa!<\/span><\/span><\/span><\/p>\n<p align=\"JUSTIFY\"><span style=\"color: #000000;\"><span style=\"font-family: Times New Roman, serif;\"><span style=\"font-size: medium;\">A<a href=\"https:\/\/www.guidedflorencetours.com\/tour\/scoprifirenze\/\"> Firenze<\/a> fece le prime<b> vittime in marzo<\/b> (che a questo punto possiamo dire non \u00e8 un mese fortunatissimo!) ed esplose il mese successivo. Continu\u00f2 a mietere morti fino alla fine di settembre di quello stesso 1348, quando il contagio cominci\u00f2 a diminuire gradatamente (le fonti parlano di scampato pericolo solo all\u2019autunno successivo). <\/span><\/span><\/span><\/p>\n<p align=\"JUSTIFY\"><span style=\"color: #000000;\"><span style=\"font-family: Times New Roman, serif;\"><span style=\"font-size: medium;\">Il Boccaccio, grande cronista di questa peste, annot\u00f2 che si accorsero che &#8220;<\/span><\/span><\/span><em><span style=\"color: #000000;\"><span style=\"font-family: Times New Roman, serif;\"><span style=\"font-size: medium;\">non solamente il parlare e l\u2019usare cogli infermi dava a\u2019 sani infermit\u00e0 o cagione di comune morte, <\/span><\/span><\/span><\/em><em><span style=\"color: #000000;\"><span style=\"font-family: Times New Roman, serif;\"><span style=\"font-size: medium;\"><u>ma ancora il toccare i panni o qualunque altra cosa <\/u><\/span><\/span><\/span><\/em><em><span style=\"color: #000000;\"><span style=\"font-family: Times New Roman, serif;\"><span style=\"font-size: medium;\">da quegli infermi stata tocca o adoperata pareva seco quella cotale infermit\u00e0 nel toccator transportare&#8221;.<\/span><\/span><\/span><\/em><\/p>\n<p align=\"JUSTIFY\"><span style=\"text-decoration: underline;\"><span style=\"color: #000000;\"><span style=\"font-family: Times New Roman, serif;\"><span style=\"font-size: medium;\">La medicina di <a href=\"https:\/\/it.wikipedia.org\/wiki\/Galeno\">Galeno<\/a><\/span><\/span><\/span><\/span><\/p>\n<p><a href=\"https:\/\/www.guidedflorencetours.com\/wp-content\/uploads\/2020\/04\/Screenshot_20200401-212741.png\"><img fetchpriority=\"high\" decoding=\"async\" class=\"alignleft wp-image-4441\" src=\"https:\/\/www.guidedflorencetours.com\/wp-content\/uploads\/2020\/04\/Screenshot_20200401-212741-244x300.png\" alt=\"doctor mask protection during the epidemic palgue\" width=\"308\" height=\"378\" \/><\/a><\/p>\n<p align=\"JUSTIFY\"><span style=\"color: #000000;\"><span style=\"font-family: Times New Roman, serif;\"><span style=\"font-size: medium;\">La Medicina del medioevo era quella di Galeno basata sulla teoria dei quattro umori. Si sosteneva che le malattie si trasmettessero per lo squilibrio fra i vari umori del corpo: sangue, flegma, bile gialla e bile nera.<br \/>\n<\/span><\/span><\/span><span style=\"font-size: medium; font-family: 'Times New Roman', serif; color: #000000;\">Secondo questa medicina, la corruzione dell&#8217;aria (pensate al nome della mal-aria) proveniente dalle fogne o dalle acque paludose o da putrefazioni avrebbe creato una specie di &#8220;veleno&#8221; nell&#8217;aria capace di entrare in un corpo sano attraverso i pori delle pelle.<\/span><\/p>\n<p align=\"JUSTIFY\"><span style=\"color: #000000;\"><span style=\"font-family: Times New Roman, serif;\"><span style=\"font-size: medium;\">Per questo era necessario proteggersi, soprattutto proteggere il medico.<br \/>\n<\/span><\/span><\/span><span style=\"color: #000000;\"><span style=\"font-family: Times New Roman, serif;\"><span style=\"font-size: medium;\">Ed ecco inventati i primi DPI.<\/span><\/span><\/span><\/p>\n<p align=\"JUSTIFY\"><span style=\"color: #000000;\"> <span style=\"font-family: Times New Roman, serif;\"><span style=\"font-size: medium;\">Eccone una descrizione del XVII secolo:<br \/>\n<\/span><\/span><\/span><span style=\"color: #000000;\">\u201c<span style=\"font-family: Times New Roman, serif;\"><span style=\"font-size: medium;\">Le loro maschere hanno lenti di vetro<br \/>\n<\/span><\/span><\/span><span style=\"color: #000000;\"><span style=\"font-family: Times New Roman, serif;\"><span style=\"font-size: medium;\">i loro becchi sono imbottiti di antidoti.<br \/>\n<\/span><\/span><\/span><span style=\"color: #000000;\"><span style=\"font-family: Times New Roman, serif;\"><span style=\"font-size: medium;\">L\u2019aria malsana non pu\u00f2 far loro alcun male,<br \/>\n<\/span><\/span><\/span><span style=\"color: #000000;\"><span style=\"font-family: Times New Roman, serif;\"><span style=\"font-size: medium;\">n\u00e9 li mette in allarme.\u201d<\/span><\/span><\/span><\/p>\n<p align=\"JUSTIFY\"><span style=\"color: #000000;\"><span style=\"font-family: Times New Roman, serif;\"><span style=\"font-size: medium;\"><br \/>\nErano convinti che il lungo vestito di tela cerata, i fori per gli occhi coperti di vetro e soprattutto la maschera li rendessero immuni alla malattia. Infatti, secondo Galeno, se &#8220;respiravi&#8221; essenze profumate, i miasmi della malattia non ti potevano colpire.<\/span><\/span><\/span><\/p>\n<p align=\"JUSTIFY\"><span style=\"color: #000000;\"><span style=\"font-family: Times New Roman, serif;\"><span style=\"font-size: medium;\">La maschera \u00e8 quindi DPI fondamentale anche allora. Forse un tantino pi\u00f9 difficile da produrre.<\/span><\/span><\/span><\/p>\n<p align=\"JUSTIFY\"><span style=\"color: #000000;\"><span style=\"font-family: Times New Roman, serif;\"><span style=\"font-size: medium;\">Essa infatti aveva un lungo becco all\u2019interno del quale venivano inseriti fiori secchi, lavanda, timo, mirra, ambra, foglie di menta, canfora, chiodi di garofano, aglio e spugne imbevute di aceto.<\/span><\/span><\/span><\/p>\n<p align=\"JUSTIFY\"><span style=\"color: #000000;\"><span style=\"font-family: Times New Roman, serif;\"><span style=\"font-size: medium;\">Infine anche allora la scelta che prevalse fu il distanziamento sociale.<\/span><\/span><\/span><\/p>\n<p align=\"JUSTIFY\"><span style=\"color: #000000;\"><span style=\"font-family: Times New Roman, serif;\"><span style=\"font-size: medium;\">Ci racconta Alvise Zen, medico veneziano della peste durante l\u2019epidemia del 1630, che i medici della peste erano gli unici a poter girare liberamente per le citt\u00e0.<br \/>\nPer tutti gli altri vigeva il <b>coprifuoco perenne con pena di morte<\/b>. Quindi niente passeggiatina vicino a casa, niente Esselunga e niente portare fuori il cane!<\/span><\/span><\/span><\/p>\n<p style=\"text-align: center;\" align=\"JUSTIFY\"><strong><span style=\"color: #000000;\"><span style=\"font-family: Times New Roman, serif;\"><span style=\"font-size: medium;\">RESTATE A CASA!!!!<\/span><\/span><\/span><\/strong><\/p>\n","protected":false},"excerpt":{"rendered":"<p>Epidemia o meglio pandemia sono parole che ora ci sono molto familiari. Torniamo indietro nel tempo e vediamo come il problema \u00e8 stato affrontato in passato e vediamo\u00a0 quale era il miglior look ai tempi della epidemia. La peste nera del 1347-53 fu probabilmente la prima grande epidemia del mondo. La peste arriv\u00f2 dall&#8217;Asia (probabilmente [&hellip;]<\/p>\n","protected":false},"author":2,"featured_media":4565,"comment_status":"closed","ping_status":"open","sticky":false,"template":"","format":"standard","meta":{"footnotes":""},"categories":[26],"tags":[],"class_list":["post-4449","post","type-post","status-publish","format-standard","has-post-thumbnail","hentry","category-blog-it","entry","has-media"],"yoast_head":"<!-- This site is optimized with the Yoast SEO plugin v25.1 - https:\/\/yoast.com\/wordpress\/plugins\/seo\/ -->\n<title>Epidemia: il look ai tempi della peste nera - Guided Florence Tours<\/title>\n<meta name=\"description\" content=\"Come ci si poteggeva dal terribile virus della peste che uccise milioni di persone? Come contenere il propagarsi dell&#039;epidemia?\" \/>\n<meta name=\"robots\" content=\"index, follow, max-snippet:-1, max-image-preview:large, max-video-preview:-1\" \/>\n<link rel=\"canonical\" href=\"https:\/\/www.guidedflorencetours.com\/it\/il-look-ai-tempi-dell-epidemia\/\" \/>\n<meta property=\"og:locale\" content=\"it_IT\" \/>\n<meta property=\"og:type\" content=\"article\" \/>\n<meta property=\"og:title\" content=\"Epidemia: il look ai tempi della peste nera - Guided Florence Tours\" \/>\n<meta property=\"og:description\" content=\"Come ci si poteggeva dal terribile virus della peste che uccise milioni di persone? Come contenere il propagarsi dell&#039;epidemia?\" \/>\n<meta property=\"og:url\" content=\"https:\/\/www.guidedflorencetours.com\/it\/il-look-ai-tempi-dell-epidemia\/\" \/>\n<meta property=\"og:site_name\" content=\"Guided Florence Tours\" \/>\n<meta property=\"article:publisher\" content=\"https:\/\/www.facebook.com\/guidedflorencetours\/\" \/>\n<meta property=\"article:published_time\" content=\"2020-04-03T14:53:44+00:00\" \/>\n<meta property=\"article:modified_time\" content=\"2024-12-17T20:30:23+00:00\" \/>\n<meta property=\"og:image\" content=\"https:\/\/www.guidedflorencetours.com\/wp-content\/uploads\/2020\/04\/peste-nera.jpg\" \/>\n\t<meta property=\"og:image:width\" content=\"500\" \/>\n\t<meta property=\"og:image:height\" content=\"300\" \/>\n\t<meta property=\"og:image:type\" content=\"image\/jpeg\" \/>\n<meta name=\"author\" content=\"Paola\" \/>\n<meta name=\"twitter:card\" content=\"summary_large_image\" \/>\n<script type=\"application\/ld+json\" class=\"yoast-schema-graph\">{\"@context\":\"https:\/\/schema.org\",\"@graph\":[{\"@type\":\"Article\",\"@id\":\"https:\/\/www.guidedflorencetours.com\/it\/il-look-ai-tempi-dell-epidemia\/#article\",\"isPartOf\":{\"@id\":\"https:\/\/www.guidedflorencetours.com\/it\/il-look-ai-tempi-dell-epidemia\/\"},\"author\":{\"name\":\"Paola\",\"@id\":\"https:\/\/www.guidedflorencetours.com\/it\/#\/schema\/person\/02307592b89f261b896fbe360af4def2\"},\"headline\":\"Epidemia: il look ai tempi della peste nera\",\"datePublished\":\"2020-04-03T14:53:44+00:00\",\"dateModified\":\"2024-12-17T20:30:23+00:00\",\"mainEntityOfPage\":{\"@id\":\"https:\/\/www.guidedflorencetours.com\/it\/il-look-ai-tempi-dell-epidemia\/\"},\"wordCount\":499,\"publisher\":{\"@id\":\"https:\/\/www.guidedflorencetours.com\/it\/#organization\"},\"image\":{\"@id\":\"https:\/\/www.guidedflorencetours.com\/it\/il-look-ai-tempi-dell-epidemia\/#primaryimage\"},\"thumbnailUrl\":\"https:\/\/www.guidedflorencetours.com\/wp-content\/uploads\/2020\/04\/peste-nera.jpg\",\"articleSection\":[\"Blog-IT\"],\"inLanguage\":\"it-IT\"},{\"@type\":\"WebPage\",\"@id\":\"https:\/\/www.guidedflorencetours.com\/it\/il-look-ai-tempi-dell-epidemia\/\",\"url\":\"https:\/\/www.guidedflorencetours.com\/it\/il-look-ai-tempi-dell-epidemia\/\",\"name\":\"Epidemia: il look ai tempi della peste nera - Guided Florence Tours\",\"isPartOf\":{\"@id\":\"https:\/\/www.guidedflorencetours.com\/it\/#website\"},\"primaryImageOfPage\":{\"@id\":\"https:\/\/www.guidedflorencetours.com\/it\/il-look-ai-tempi-dell-epidemia\/#primaryimage\"},\"image\":{\"@id\":\"https:\/\/www.guidedflorencetours.com\/it\/il-look-ai-tempi-dell-epidemia\/#primaryimage\"},\"thumbnailUrl\":\"https:\/\/www.guidedflorencetours.com\/wp-content\/uploads\/2020\/04\/peste-nera.jpg\",\"datePublished\":\"2020-04-03T14:53:44+00:00\",\"dateModified\":\"2024-12-17T20:30:23+00:00\",\"description\":\"Come ci si poteggeva dal terribile virus della peste che uccise milioni di persone? Come contenere il propagarsi dell'epidemia?\",\"breadcrumb\":{\"@id\":\"https:\/\/www.guidedflorencetours.com\/it\/il-look-ai-tempi-dell-epidemia\/#breadcrumb\"},\"inLanguage\":\"it-IT\",\"potentialAction\":[{\"@type\":\"ReadAction\",\"target\":[\"https:\/\/www.guidedflorencetours.com\/it\/il-look-ai-tempi-dell-epidemia\/\"]}]},{\"@type\":\"ImageObject\",\"inLanguage\":\"it-IT\",\"@id\":\"https:\/\/www.guidedflorencetours.com\/it\/il-look-ai-tempi-dell-epidemia\/#primaryimage\",\"url\":\"https:\/\/www.guidedflorencetours.com\/wp-content\/uploads\/2020\/04\/peste-nera.jpg\",\"contentUrl\":\"https:\/\/www.guidedflorencetours.com\/wp-content\/uploads\/2020\/04\/peste-nera.jpg\",\"width\":500,\"height\":300,\"caption\":\"dottore durante la peste\"},{\"@type\":\"BreadcrumbList\",\"@id\":\"https:\/\/www.guidedflorencetours.com\/it\/il-look-ai-tempi-dell-epidemia\/#breadcrumb\",\"itemListElement\":[{\"@type\":\"ListItem\",\"position\":1,\"name\":\"Home\",\"item\":\"https:\/\/www.guidedflorencetours.com\/\"},{\"@type\":\"ListItem\",\"position\":2,\"name\":\"Epidemia: il look ai tempi della peste nera\"}]},{\"@type\":\"WebSite\",\"@id\":\"https:\/\/www.guidedflorencetours.com\/it\/#website\",\"url\":\"https:\/\/www.guidedflorencetours.com\/it\/\",\"name\":\"Guided Florence Tours\",\"description\":\"Tour privati e di gruppo a Firenze\",\"publisher\":{\"@id\":\"https:\/\/www.guidedflorencetours.com\/it\/#organization\"},\"potentialAction\":[{\"@type\":\"SearchAction\",\"target\":{\"@type\":\"EntryPoint\",\"urlTemplate\":\"https:\/\/www.guidedflorencetours.com\/it\/?s={search_term_string}\"},\"query-input\":{\"@type\":\"PropertyValueSpecification\",\"valueRequired\":true,\"valueName\":\"search_term_string\"}}],\"inLanguage\":\"it-IT\"},{\"@type\":\"Organization\",\"@id\":\"https:\/\/www.guidedflorencetours.com\/it\/#organization\",\"name\":\"Guided Florence Tours\",\"url\":\"https:\/\/www.guidedflorencetours.com\/it\/\",\"logo\":{\"@type\":\"ImageObject\",\"inLanguage\":\"it-IT\",\"@id\":\"https:\/\/www.guidedflorencetours.com\/it\/#\/schema\/logo\/image\/\",\"url\":\"https:\/\/www.guidedflorencetours.com\/wp-content\/uploads\/2024\/10\/guided-florence-tours-g_2x.png\",\"contentUrl\":\"https:\/\/www.guidedflorencetours.com\/wp-content\/uploads\/2024\/10\/guided-florence-tours-g_2x.png\",\"width\":205,\"height\":50,\"caption\":\"Guided Florence Tours\"},\"image\":{\"@id\":\"https:\/\/www.guidedflorencetours.com\/it\/#\/schema\/logo\/image\/\"},\"sameAs\":[\"https:\/\/www.facebook.com\/guidedflorencetours\/\",\"https:\/\/www.instagram.com\/guided_florence_tours\/\"]},{\"@type\":\"Person\",\"@id\":\"https:\/\/www.guidedflorencetours.com\/it\/#\/schema\/person\/02307592b89f261b896fbe360af4def2\",\"name\":\"Paola\"}]}<\/script>\n<!-- \/ Yoast SEO plugin. -->","yoast_head_json":{"title":"Epidemia: il look ai tempi della peste nera - Guided Florence Tours","description":"Come ci si poteggeva dal terribile virus della peste che uccise milioni di persone? Come contenere il propagarsi dell'epidemia?","robots":{"index":"index","follow":"follow","max-snippet":"max-snippet:-1","max-image-preview":"max-image-preview:large","max-video-preview":"max-video-preview:-1"},"canonical":"https:\/\/www.guidedflorencetours.com\/it\/il-look-ai-tempi-dell-epidemia\/","og_locale":"it_IT","og_type":"article","og_title":"Epidemia: il look ai tempi della peste nera - Guided Florence Tours","og_description":"Come ci si poteggeva dal terribile virus della peste che uccise milioni di persone? Come contenere il propagarsi dell'epidemia?","og_url":"https:\/\/www.guidedflorencetours.com\/it\/il-look-ai-tempi-dell-epidemia\/","og_site_name":"Guided Florence Tours","article_publisher":"https:\/\/www.facebook.com\/guidedflorencetours\/","article_published_time":"2020-04-03T14:53:44+00:00","article_modified_time":"2024-12-17T20:30:23+00:00","og_image":[{"width":500,"height":300,"url":"https:\/\/www.guidedflorencetours.com\/wp-content\/uploads\/2020\/04\/peste-nera.jpg","type":"image\/jpeg"}],"author":"Paola","twitter_card":"summary_large_image","schema":{"@context":"https:\/\/schema.org","@graph":[{"@type":"Article","@id":"https:\/\/www.guidedflorencetours.com\/it\/il-look-ai-tempi-dell-epidemia\/#article","isPartOf":{"@id":"https:\/\/www.guidedflorencetours.com\/it\/il-look-ai-tempi-dell-epidemia\/"},"author":{"name":"Paola","@id":"https:\/\/www.guidedflorencetours.com\/it\/#\/schema\/person\/02307592b89f261b896fbe360af4def2"},"headline":"Epidemia: il look ai tempi della peste nera","datePublished":"2020-04-03T14:53:44+00:00","dateModified":"2024-12-17T20:30:23+00:00","mainEntityOfPage":{"@id":"https:\/\/www.guidedflorencetours.com\/it\/il-look-ai-tempi-dell-epidemia\/"},"wordCount":499,"publisher":{"@id":"https:\/\/www.guidedflorencetours.com\/it\/#organization"},"image":{"@id":"https:\/\/www.guidedflorencetours.com\/it\/il-look-ai-tempi-dell-epidemia\/#primaryimage"},"thumbnailUrl":"https:\/\/www.guidedflorencetours.com\/wp-content\/uploads\/2020\/04\/peste-nera.jpg","articleSection":["Blog-IT"],"inLanguage":"it-IT"},{"@type":"WebPage","@id":"https:\/\/www.guidedflorencetours.com\/it\/il-look-ai-tempi-dell-epidemia\/","url":"https:\/\/www.guidedflorencetours.com\/it\/il-look-ai-tempi-dell-epidemia\/","name":"Epidemia: il look ai tempi della peste nera - Guided Florence Tours","isPartOf":{"@id":"https:\/\/www.guidedflorencetours.com\/it\/#website"},"primaryImageOfPage":{"@id":"https:\/\/www.guidedflorencetours.com\/it\/il-look-ai-tempi-dell-epidemia\/#primaryimage"},"image":{"@id":"https:\/\/www.guidedflorencetours.com\/it\/il-look-ai-tempi-dell-epidemia\/#primaryimage"},"thumbnailUrl":"https:\/\/www.guidedflorencetours.com\/wp-content\/uploads\/2020\/04\/peste-nera.jpg","datePublished":"2020-04-03T14:53:44+00:00","dateModified":"2024-12-17T20:30:23+00:00","description":"Come ci si poteggeva dal terribile virus della peste che uccise milioni di persone? Come contenere il propagarsi dell'epidemia?","breadcrumb":{"@id":"https:\/\/www.guidedflorencetours.com\/it\/il-look-ai-tempi-dell-epidemia\/#breadcrumb"},"inLanguage":"it-IT","potentialAction":[{"@type":"ReadAction","target":["https:\/\/www.guidedflorencetours.com\/it\/il-look-ai-tempi-dell-epidemia\/"]}]},{"@type":"ImageObject","inLanguage":"it-IT","@id":"https:\/\/www.guidedflorencetours.com\/it\/il-look-ai-tempi-dell-epidemia\/#primaryimage","url":"https:\/\/www.guidedflorencetours.com\/wp-content\/uploads\/2020\/04\/peste-nera.jpg","contentUrl":"https:\/\/www.guidedflorencetours.com\/wp-content\/uploads\/2020\/04\/peste-nera.jpg","width":500,"height":300,"caption":"dottore durante la peste"},{"@type":"BreadcrumbList","@id":"https:\/\/www.guidedflorencetours.com\/it\/il-look-ai-tempi-dell-epidemia\/#breadcrumb","itemListElement":[{"@type":"ListItem","position":1,"name":"Home","item":"https:\/\/www.guidedflorencetours.com\/"},{"@type":"ListItem","position":2,"name":"Epidemia: il look ai tempi della peste nera"}]},{"@type":"WebSite","@id":"https:\/\/www.guidedflorencetours.com\/it\/#website","url":"https:\/\/www.guidedflorencetours.com\/it\/","name":"Guided Florence Tours","description":"Tour privati e di gruppo a Firenze","publisher":{"@id":"https:\/\/www.guidedflorencetours.com\/it\/#organization"},"potentialAction":[{"@type":"SearchAction","target":{"@type":"EntryPoint","urlTemplate":"https:\/\/www.guidedflorencetours.com\/it\/?s={search_term_string}"},"query-input":{"@type":"PropertyValueSpecification","valueRequired":true,"valueName":"search_term_string"}}],"inLanguage":"it-IT"},{"@type":"Organization","@id":"https:\/\/www.guidedflorencetours.com\/it\/#organization","name":"Guided Florence Tours","url":"https:\/\/www.guidedflorencetours.com\/it\/","logo":{"@type":"ImageObject","inLanguage":"it-IT","@id":"https:\/\/www.guidedflorencetours.com\/it\/#\/schema\/logo\/image\/","url":"https:\/\/www.guidedflorencetours.com\/wp-content\/uploads\/2024\/10\/guided-florence-tours-g_2x.png","contentUrl":"https:\/\/www.guidedflorencetours.com\/wp-content\/uploads\/2024\/10\/guided-florence-tours-g_2x.png","width":205,"height":50,"caption":"Guided Florence Tours"},"image":{"@id":"https:\/\/www.guidedflorencetours.com\/it\/#\/schema\/logo\/image\/"},"sameAs":["https:\/\/www.facebook.com\/guidedflorencetours\/","https:\/\/www.instagram.com\/guided_florence_tours\/"]},{"@type":"Person","@id":"https:\/\/www.guidedflorencetours.com\/it\/#\/schema\/person\/02307592b89f261b896fbe360af4def2","name":"Paola"}]}},"_links":{"self":[{"href":"https:\/\/www.guidedflorencetours.com\/it\/wp-json\/wp\/v2\/posts\/4449","targetHints":{"allow":["GET"]}}],"collection":[{"href":"https:\/\/www.guidedflorencetours.com\/it\/wp-json\/wp\/v2\/posts"}],"about":[{"href":"https:\/\/www.guidedflorencetours.com\/it\/wp-json\/wp\/v2\/types\/post"}],"author":[{"embeddable":true,"href":"https:\/\/www.guidedflorencetours.com\/it\/wp-json\/wp\/v2\/users\/2"}],"replies":[{"embeddable":true,"href":"https:\/\/www.guidedflorencetours.com\/it\/wp-json\/wp\/v2\/comments?post=4449"}],"version-history":[{"count":0,"href":"https:\/\/www.guidedflorencetours.com\/it\/wp-json\/wp\/v2\/posts\/4449\/revisions"}],"wp:featuredmedia":[{"embeddable":true,"href":"https:\/\/www.guidedflorencetours.com\/it\/wp-json\/wp\/v2\/media\/4565"}],"wp:attachment":[{"href":"https:\/\/www.guidedflorencetours.com\/it\/wp-json\/wp\/v2\/media?parent=4449"}],"wp:term":[{"taxonomy":"category","embeddable":true,"href":"https:\/\/www.guidedflorencetours.com\/it\/wp-json\/wp\/v2\/categories?post=4449"},{"taxonomy":"post_tag","embeddable":true,"href":"https:\/\/www.guidedflorencetours.com\/it\/wp-json\/wp\/v2\/tags?post=4449"}],"curies":[{"name":"wp","href":"https:\/\/api.w.org\/{rel}","templated":true}]}}